{"id":2502,"date":"2026-04-30T10:43:22","date_gmt":"2026-04-30T09:43:22","guid":{"rendered":"https:\/\/www.belgianairforcedays.be\/?p=2502"},"modified":"2026-04-30T10:43:22","modified_gmt":"2026-04-30T09:43:22","slug":"puissance-et-agilite-le-gripen-suedois-en-solo-display","status":"publish","type":"post","link":"https:\/\/www.belgianairforcedays.be\/nl\/puissance-et-agilite-le-gripen-suedois-en-solo-display\/","title":{"rendered":"Kracht en wendbaarheid: de Zweedse Gripen in Solo Display!"},"content":{"rendered":"<p>Le chasseur JAS\u202f39 Gripen de la Force a\u00e9rienne su\u00e9doise fera partie des appareils pr\u00e9sent\u00e9s lors de notre \u00e9v\u00e9nement, en d\u00e9monstration en vol ainsi qu\u2019en exposition statique.<br>Via het Gripen Solo Display en een grondpresentatie zet Zweden een van de modernste en meest veelzijdige multirole gevechtsvliegtuigen van Europa in de kijker, erkend om zijn wendbaarheid, prestaties en ontwerp dat perfect is afgestemd op de eisen van hedendaagse operaties.<\/p>\n\n\n\n\n\n<p>Zweden exploiteert momenteel ongeveer 96 Gripen C\/D\u2019s in operationele dienst.<br>Tegelijkertijd zet de Zweedse Luchtmacht de overgang naar de meer geavanceerde Gripen E\/F\u2011versies voort, waardoor de totale vloot uit meer dan 150 toestellen bestaat.<\/p>\n\n\n\n<p>Deze evolutie weerspiegelt de wil om een moderne, flexibele en soevereine luchtcapaciteit te behouden, terwijl tegelijkertijd de operationele continu\u00efteit rond de Gripen wordt verzekerd.<\/p>\n\n\n\n\n\n<p>Le Gripen Solo Display est assur\u00e9 par un JAS\u202f39C, une version \u00e9prouv\u00e9e du chasseur su\u00e9dois et depuis la base a\u00e9rienne de S\u00e5ten\u00e4s, si\u00e8ge du F\u202f7 Skaraborg Wing, unit\u00e9 centrale des op\u00e9rations Gripen en Su\u00e8de.<br>Deze vliegende demonstratie belicht de prestaties en operationele capaciteiten van het toestel aan de hand van een dynamisch en spectaculair programma.<\/p>\n\n\n\n<p>Het volledige display benadrukt de reactievermogen, wendbaarheid en veelzijdigheid van de Gripen in een moderne luchtruimomgeving.<\/p>\n\n\n\n\n\n\n\n<p>Tijdens het evenement kan het publiek:<\/p>\n\n\n\n<ul class=\"wp-block-list\">\n<li>de vliegende demonstratie van de Gripen bijwonen en zijn volle wendbaarheid en kracht ervaren,<\/li>\n\n\n\n<li>het toestel van dichtbij benaderen in statische tentoonstelling om zijn lijnen, configuratie en uitrusting van nabij te bekijken,<\/li>\n\n\n\n<li>een beter inzicht krijgen in de Zweedse aanpak van luchtverdediging via een moderne en veelzijdige gevechtsjager.<\/li>\n<\/ul>\n\n\n\n<p>De aanwezigheid van de Gripen in zowel vliegende demonstratie als statische tentoonstelling zal een volledig beeld bieden van dit iconische toestel, waarbij prestaties in de lucht worden gecombineerd met een gedetailleerde ontdekking op de grond.<\/p>\n\n\n\n\n\n<p>Photo credits: Przemek Zachwieja &#8211;<\/p>","protected":false},"excerpt":{"rendered":"<p>Le chasseur JAS\u202f39 Gripen de la Force a\u00e9rienne su\u00e9doise fera partie des appareils pr\u00e9sent\u00e9s lors de notre \u00e9v\u00e9nement, en d\u00e9monstration en vol ainsi qu\u2019en exposition statique.\u00c0 travers le Gripen Solo Display et une pr\u00e9sentation au sol, la Su\u00e8de met en avant l\u2019un des chasseurs multir\u00f4les les plus modernes et polyvalents d\u2019Europe, reconnu pour son agilit\u00e9, [&hellip;]<\/p>\n","protected":false},"author":1,"featured_media":2511,"comment_status":"closed","ping_status":"closed","sticky":false,"template":"","format":"standard","meta":{"saved_in_kubio":false,"footnotes":""},"categories":[55,97],"tags":[],"class_list":["post-2502","post","type-post","status-publish","format-standard","has-post-thumbnail","hentry","category-avions","category-gripen"],"_links":{"self":[{"href":"https:\/\/www.belgianairforcedays.be\/nl\/wp-json\/wp\/v2\/posts\/2502","targetHints":{"allow":["GET"]}}],"collection":[{"href":"https:\/\/www.belgianairforcedays.be\/nl\/wp-json\/wp\/v2\/posts"}],"about":[{"href":"https:\/\/www.belgianairforcedays.be\/nl\/wp-json\/wp\/v2\/types\/post"}],"author":[{"embeddable":true,"href":"https:\/\/www.belgianairforcedays.be\/nl\/wp-json\/wp\/v2\/users\/1"}],"replies":[{"embeddable":true,"href":"https:\/\/www.belgianairforcedays.be\/nl\/wp-json\/wp\/v2\/comments?post=2502"}],"version-history":[{"count":3,"href":"https:\/\/www.belgianairforcedays.be\/nl\/wp-json\/wp\/v2\/posts\/2502\/revisions"}],"predecessor-version":[{"id":2512,"href":"https:\/\/www.belgianairforcedays.be\/nl\/wp-json\/wp\/v2\/posts\/2502\/revisions\/2512"}],"wp:featuredmedia":[{"embeddable":true,"href":"https:\/\/www.belgianairforcedays.be\/nl\/wp-json\/wp\/v2\/media\/2511"}],"wp:attachment":[{"href":"https:\/\/www.belgianairforcedays.be\/nl\/wp-json\/wp\/v2\/media?parent=2502"}],"wp:term":[{"taxonomy":"category","embeddable":true,"href":"https:\/\/www.belgianairforcedays.be\/nl\/wp-json\/wp\/v2\/categories?post=2502"},{"taxonomy":"post_tag","embeddable":true,"href":"https:\/\/www.belgianairforcedays.be\/nl\/wp-json\/wp\/v2\/tags?post=2502"}],"curies":[{"name":"wp","href":"https:\/\/api.w.org\/{rel}","templated":true}]}}