{"id":2518,"date":"2026-04-30T15:28:12","date_gmt":"2026-04-30T14:28:12","guid":{"rendered":"https:\/\/www.belgianairforcedays.be\/?p=2518"},"modified":"2026-04-30T15:28:12","modified_gmt":"2026-04-30T14:28:12","slug":"les-royal-jordanian-falcons-lexcellence-acrobatique-au-rendez-vous","status":"publish","type":"post","link":"https:\/\/www.belgianairforcedays.be\/en\/les-royal-jordanian-falcons-lexcellence-acrobatique-au-rendez-vous\/","title":{"rendered":"The Royal Jordanian Falcons: Aerobatic excellence on display !"},"content":{"rendered":"<p>Founded in 1976 at the initiative of His Majesty King Hussein Bin Talal, the national aerobatic display team Royal Jordanian Falcons has embodied the aeronautical excellence of the Hashemite Kingdom of Jordan for nearly five decades. Through the art and science of aerobatic flying, the mission was clear: to promote Jordan and its values of peace, friendship, and family unity on the international stage.<\/p>\n\n\n\n<p>Since their creation, the Royal Jordanian Falcons have become true aerial ambassadors, combining precision, elegance, and technical mastery in their displays around the world.<\/p>\n\n\n\n\n\n<p>The team began operations with two Pitts Special S 2A aircraft, soon joined by a third aircraft to enable three ship formation displays.<\/p>\n\n\n\n<p>Over the years, the team expanded its international presence, performing in numerous countries including the United Arab Emirates, Qatar, Indonesia, the United States, the United Kingdom, France, Italy, Switzerland, Germany, Belgium, Spain, Norway, Austria, Luxembourg and the Netherlands, thereby strengthening Jordan\u2019s visibility on the global aviation scene.<\/p>\n\n\n\n<p>In 1982, by Royal Decree, four Pitts Special S 2S aircraft were added to the fleet following an extensive demonstration tour across the United States. These aircraft remained in service until 1992, marking a major milestone in the team\u2019s history.<\/p>\n\n\n\n\n\n<p>From 1992, the fleet was fully renewed with five Extra 300 aircraft, offering increased performance and greater versatility for aerobatic flying. This transition allowed the Royal Jordanian Falcons to continue promoting the Kingdom across all continents.<\/p>\n\n\n\n<p>In 2007, the team adopted five Extra 300L aircraft, replacing the mid wing versions and further enhancing the precision and safety of their demonstrations.<\/p>\n\n\n\n<p>More recently, at the request of His Majesty King Abdullah II, the fleet was modernised with the acquisition of five Extra 330\u202fLX aircraft, representing the pinnacle of modern aerobatic aviation and ensuring the continuation of the team\u2019s operational excellence.<\/p>\n\n\n\n\n\n<p>Today\u2019s demonstrations by the Royal Jordanian Falcons rely on the Extra 330\u202fLX, a world class aerobatic aircraft renowned for its extreme capabilities and reliability.<\/p>\n\n\n\n<p><strong>Construction<\/strong><\/p>\n\n\n\n<ul class=\"wp-block-list\">\n<li>Airframe built from a TIG welded steel tube structure<\/li>\n\n\n\n<li>Wings, control surfaces and landing gear made of composite materials<\/li>\n\n\n\n<li>Two seat configuration, with the rear seat equipped for the pilot in command<\/li>\n\n\n\n<li>Maximum G limits: +10 \/ \u221210 G, ideally suited for advanced aerobatics<\/li>\n<\/ul>\n\n\n\n<p><strong>Dimensions<\/strong><\/p>\n\n\n\n<ul class=\"wp-block-list\">\n<li>Length: 7.20 m<\/li>\n\n\n\n<li>Height: 2.62 m<\/li>\n\n\n\n<li>Wingspan: 8.00 m<\/li>\n<\/ul>\n\n\n\n<p><strong>Engines<\/strong><\/p>\n\n\n\n<ul class=\"wp-block-list\">\n<li>Lycoming AEIO 580 B1A, an engine specifically designed for aerobatic operations<\/li>\n<\/ul>\n\n\n\n\n\n\n\n<p>Through their presence, the Royal Jordanian Falcons offer far more than an aerial show. They represent a tradition of excellence, precision, and international openness. Each display showcases Jordanian expertise, combining flying accuracy, modern technology and the universal values carried by aviation.<\/p>\n\n\n\n<p>An unmissable highlight for aviation enthusiasts and admirers of world class aerobatic performance.<\/p>","protected":false},"excerpt":{"rendered":"<p>Fond\u00e9e en 1976 \u00e0 l\u2019initiative de Sa Majest\u00e9 le Roi Hussein Bin Talal, l\u2019\u00e9quipe nationale de voltige a\u00e9rienne Royal Jordanian Falcons incarne depuis pr\u00e8s de cinq d\u00e9cennies l\u2019excellence a\u00e9ronautique du Royaume hach\u00e9mite de Jordanie. \u00c0 travers l\u2019art et la science du pilotage acrobatique, l\u2019objectif \u00e9tait clair\u202f: promouvoir la Jordanie, ses valeurs de paix, d\u2019amiti\u00e9 et [&hellip;]<\/p>\n","protected":false},"author":1,"featured_media":2520,"comment_status":"closed","ping_status":"closed","sticky":false,"template":"","format":"standard","meta":{"saved_in_kubio":false,"footnotes":""},"categories":[59,55],"tags":[],"class_list":["post-2518","post","type-post","status-publish","format-standard","has-post-thumbnail","hentry","category-aircrafts","category-avions"],"_links":{"self":[{"href":"https:\/\/www.belgianairforcedays.be\/en\/wp-json\/wp\/v2\/posts\/2518","targetHints":{"allow":["GET"]}}],"collection":[{"href":"https:\/\/www.belgianairforcedays.be\/en\/wp-json\/wp\/v2\/posts"}],"about":[{"href":"https:\/\/www.belgianairforcedays.be\/en\/wp-json\/wp\/v2\/types\/post"}],"author":[{"embeddable":true,"href":"https:\/\/www.belgianairforcedays.be\/en\/wp-json\/wp\/v2\/users\/1"}],"replies":[{"embeddable":true,"href":"https:\/\/www.belgianairforcedays.be\/en\/wp-json\/wp\/v2\/comments?post=2518"}],"version-history":[{"count":2,"href":"https:\/\/www.belgianairforcedays.be\/en\/wp-json\/wp\/v2\/posts\/2518\/revisions"}],"predecessor-version":[{"id":2525,"href":"https:\/\/www.belgianairforcedays.be\/en\/wp-json\/wp\/v2\/posts\/2518\/revisions\/2525"}],"wp:featuredmedia":[{"embeddable":true,"href":"https:\/\/www.belgianairforcedays.be\/en\/wp-json\/wp\/v2\/media\/2520"}],"wp:attachment":[{"href":"https:\/\/www.belgianairforcedays.be\/en\/wp-json\/wp\/v2\/media?parent=2518"}],"wp:term":[{"taxonomy":"category","embeddable":true,"href":"https:\/\/www.belgianairforcedays.be\/en\/wp-json\/wp\/v2\/categories?post=2518"},{"taxonomy":"post_tag","embeddable":true,"href":"https:\/\/www.belgianairforcedays.be\/en\/wp-json\/wp\/v2\/tags?post=2518"}],"curies":[{"name":"wp","href":"https:\/\/api.w.org\/{rel}","templated":true}]}}