{"id":1907,"date":"2026-03-17T10:13:09","date_gmt":"2026-03-17T09:13:09","guid":{"rendered":"https:\/\/www.belgianairforcedays.be\/?p=1907"},"modified":"2026-03-26T15:19:12","modified_gmt":"2026-03-26T14:19:12","slug":"annonce-officielle-la-patrouille-suisse-sera-aux-baf-days-2026","status":"publish","type":"post","link":"https:\/\/www.belgianairforcedays.be\/en\/annonce-officielle-la-patrouille-suisse-sera-aux-baf-days-2026\/","title":{"rendered":"Official Announcement \u2013 The Patrouille Suisse Will Be at BAF DAYS 2026 !"},"content":{"rendered":"<p>The first nation announced for BAF DAYS 2026 is now revealed\u2026 and aviation enthusiasts will be thrilled: the Patrouille Suisse is returning to Belgium !<\/p>\n\n\n\n\n\n<h3 class=\"wp-block-heading\">A prestigious team celebrating 60 years<\/h3>\n\n\n\n<p>After marking their 60th anniversary in 2024, the Patrouille Suisse is honoured to return to Belgium for BAF DAYS 2026. Their presence highlights the strong and lasting ties between Switzerland and Belgium, two countries frequently brought together through aviation events, including in Northern Europe and the Baltic region.<\/p>\n\n\n\n<h3 class=\"wp-block-heading\">A unique team in the airshow world<\/h3>\n\n\n\n<p>Since 1995, the Patrouille Suisse has flown the iconic Northrop F\u20115E Tiger II, a fighter aircraft still actively used by the Swiss Air Force.<br>This sets them apart from many demonstration teams worldwide: they fly fully operational combat aircraft, not airshow\u2011dedicated platforms.<br>Their formation consists of six F\u20115 Tigers, flying in perfect synchronisation to deliver a display of remarkable precision.<\/p>\n\n\n\n<h3 class=\"wp-block-heading\">A possibly unique opportunity<\/h3>\n\n\n\n<p>In recent years, discussions have emerged about the future of the F\u20115 within the Patrouille Suisse, suggesting that a change of aircraft \u2014 or even a discontinuation \u2014 may occur in the coming years.<br>This makes BAF DAYS 2026 a truly exceptional chance to admire their expertise, skill, and the elegance of their F\u20115s before this chapter may come to an end.<\/p>\n\n\n\n<h3 class=\"wp-block-heading\">See you at BAF DAYS 2026 !<\/h3>\n\n\n\n<p>Don\u2019t miss this rare opportunity to witness one of Europe\u2019s most iconic display teams.\nBAF DAYS 2026 is already shaping up to be unforgettable\u2026 and this is only the beginning of our announcements !<br>BAF DAYS 2026 is already shaping up to be unforgettable\u2026 and this is only the beginning of our announcements !<\/p>\n\n\n\n<hr class=\"wp-block-separator has-alpha-channel-opacity\"\/>\n\n\n\n<figure class=\"wp-block-gallery has-nested-images columns-default is-cropped wp-block-gallery-1 is-layout-flex wp-block-gallery-is-layout-flex\">\n<figure class=\"wp-block-image size-large\"><img loading=\"lazy\" decoding=\"async\" width=\"825\" height=\"550\" data-id=\"1253\" src=\"https:\/\/www.belgianairforcedays.be\/wp-content\/uploads\/2026\/03\/7618_233-3.jpg\" alt=\"\" class=\"wp-image-1253\" srcset=\"https:\/\/www.belgianairforcedays.be\/wp-content\/uploads\/2026\/03\/7618_233-3.jpg 825w, https:\/\/www.belgianairforcedays.be\/wp-content\/uploads\/2026\/03\/7618_233-3-300x200.jpg 300w, https:\/\/www.belgianairforcedays.be\/wp-content\/uploads\/2026\/03\/7618_233-3-768x512.jpg 768w\" sizes=\"(max-width: 825px) 100vw, 825px\" \/><\/figure>\n\n\n\n<figure class=\"wp-block-image size-large\"><img loading=\"lazy\" decoding=\"async\" width=\"1024\" height=\"684\" data-id=\"1243\" src=\"https:\/\/www.belgianairforcedays.be\/wp-content\/uploads\/2026\/03\/patrouille-suisse-5-1024x684.jpg\" alt=\"\" class=\"wp-image-1243\" srcset=\"https:\/\/www.belgianairforcedays.be\/wp-content\/uploads\/2026\/03\/patrouille-suisse-5-1024x684.jpg 1024w, https:\/\/www.belgianairforcedays.be\/wp-content\/uploads\/2026\/03\/patrouille-suisse-5-300x200.jpg 300w, https:\/\/www.belgianairforcedays.be\/wp-content\/uploads\/2026\/03\/patrouille-suisse-5-768x513.jpg 768w, https:\/\/www.belgianairforcedays.be\/wp-content\/uploads\/2026\/03\/patrouille-suisse-5-1536x1025.jpg 1536w, https:\/\/www.belgianairforcedays.be\/wp-content\/uploads\/2026\/03\/patrouille-suisse-5.jpg 1600w\" sizes=\"(max-width: 1024px) 100vw, 1024px\" \/><\/figure>\n\n\n\n<figure class=\"wp-block-image size-large\"><img loading=\"lazy\" decoding=\"async\" width=\"1024\" height=\"559\" data-id=\"1242\" src=\"https:\/\/www.belgianairforcedays.be\/wp-content\/uploads\/2026\/03\/patrouille-suisse-4-2-1024x559.jpg\" alt=\"\" class=\"wp-image-1242\" srcset=\"https:\/\/www.belgianairforcedays.be\/wp-content\/uploads\/2026\/03\/patrouille-suisse-4-2-1024x559.jpg 1024w, https:\/\/www.belgianairforcedays.be\/wp-content\/uploads\/2026\/03\/patrouille-suisse-4-2-300x164.jpg 300w, https:\/\/www.belgianairforcedays.be\/wp-content\/uploads\/2026\/03\/patrouille-suisse-4-2-768x419.jpg 768w, https:\/\/www.belgianairforcedays.be\/wp-content\/uploads\/2026\/03\/patrouille-suisse-4-2-1536x838.jpg 1536w, https:\/\/www.belgianairforcedays.be\/wp-content\/uploads\/2026\/03\/patrouille-suisse-4-2-2048x1118.jpg 2048w, https:\/\/www.belgianairforcedays.be\/wp-content\/uploads\/2026\/03\/patrouille-suisse-4-2-1920x1048.jpg 1920w\" sizes=\"(max-width: 1024px) 100vw, 1024px\" \/><\/figure>\n\n\n\n<figure class=\"wp-block-image size-large\"><img loading=\"lazy\" decoding=\"async\" width=\"825\" height=\"550\" data-id=\"1225\" src=\"https:\/\/www.belgianairforcedays.be\/wp-content\/uploads\/2026\/03\/7499_249-3.jpg\" alt=\"\" class=\"wp-image-1225\" srcset=\"https:\/\/www.belgianairforcedays.be\/wp-content\/uploads\/2026\/03\/7499_249-3.jpg 825w, https:\/\/www.belgianairforcedays.be\/wp-content\/uploads\/2026\/03\/7499_249-3-300x200.jpg 300w, https:\/\/www.belgianairforcedays.be\/wp-content\/uploads\/2026\/03\/7499_249-3-768x512.jpg 768w\" sizes=\"(max-width: 825px) 100vw, 825px\" \/><\/figure>\n\n\n\n<figure class=\"wp-block-image size-large\"><img loading=\"lazy\" decoding=\"async\" width=\"1024\" height=\"683\" data-id=\"1217\" src=\"https:\/\/www.belgianairforcedays.be\/wp-content\/uploads\/2026\/03\/patrouille-suisse-3-1024x683.jpg\" alt=\"\" class=\"wp-image-1217\" srcset=\"https:\/\/www.belgianairforcedays.be\/wp-content\/uploads\/2026\/03\/patrouille-suisse-3-1024x683.jpg 1024w, https:\/\/www.belgianairforcedays.be\/wp-content\/uploads\/2026\/03\/patrouille-suisse-3-300x200.jpg 300w, https:\/\/www.belgianairforcedays.be\/wp-content\/uploads\/2026\/03\/patrouille-suisse-3-768x512.jpg 768w, https:\/\/www.belgianairforcedays.be\/wp-content\/uploads\/2026\/03\/patrouille-suisse-3-1536x1024.jpg 1536w, https:\/\/www.belgianairforcedays.be\/wp-content\/uploads\/2026\/03\/patrouille-suisse-3-1620x1080.jpg 1620w, https:\/\/www.belgianairforcedays.be\/wp-content\/uploads\/2026\/03\/patrouille-suisse-3.jpg 1920w\" sizes=\"(max-width: 1024px) 100vw, 1024px\" \/><\/figure>\n\n\n\n<figure class=\"wp-block-image size-large\"><img loading=\"lazy\" decoding=\"async\" width=\"826\" height=\"550\" data-id=\"1214\" src=\"https:\/\/www.belgianairforcedays.be\/wp-content\/uploads\/2026\/03\/7499_254.jpg\" alt=\"\" class=\"wp-image-1214\" srcset=\"https:\/\/www.belgianairforcedays.be\/wp-content\/uploads\/2026\/03\/7499_254.jpg 826w, https:\/\/www.belgianairforcedays.be\/wp-content\/uploads\/2026\/03\/7499_254-300x200.jpg 300w, https:\/\/www.belgianairforcedays.be\/wp-content\/uploads\/2026\/03\/7499_254-768x511.jpg 768w\" sizes=\"(max-width: 826px) 100vw, 826px\" \/><\/figure>\n\n\n\n<figure class=\"wp-block-image size-large\"><img loading=\"lazy\" decoding=\"async\" width=\"825\" height=\"550\" data-id=\"1252\" src=\"https:\/\/www.belgianairforcedays.be\/wp-content\/uploads\/2026\/03\/7499_249-4.jpg\" alt=\"\" class=\"wp-image-1252\" srcset=\"https:\/\/www.belgianairforcedays.be\/wp-content\/uploads\/2026\/03\/7499_249-4.jpg 825w, https:\/\/www.belgianairforcedays.be\/wp-content\/uploads\/2026\/03\/7499_249-4-300x200.jpg 300w, https:\/\/www.belgianairforcedays.be\/wp-content\/uploads\/2026\/03\/7499_249-4-768x512.jpg 768w\" sizes=\"(max-width: 825px) 100vw, 825px\" \/><\/figure>\n<\/figure>\n\n\n\n<p>\u00a9 VBS\/DDPS&nbsp;<\/p>","protected":false},"excerpt":{"rendered":"<p>La premi\u00e8re nation annonc\u00e9e pour les BAF DAYS 2026 est d\u00e9sormais connue\u2026 et elle risque bien de ravir tous les passionn\u00e9s d\u2019aviation : la Patrouille Suisse sera de retour en Belgique ! Une \u00e9quipe prestigieuse qui f\u00eate ses 60 ans Apr\u00e8s avoir c\u00e9l\u00e9br\u00e9 son 60\u1d49 anniversaire en 2024, la Patrouille Suisse fait l\u2019honneur de revenir [&hellip;]<\/p>\n","protected":false},"author":1,"featured_media":1255,"comment_status":"closed","ping_status":"open","sticky":false,"template":"","format":"standard","meta":{"saved_in_kubio":false,"footnotes":""},"categories":[43],"tags":[72],"class_list":["post-1907","post","type-post","status-publish","format-standard","has-post-thumbnail","hentry","category-patrouille-suisse","tag-baf-days-2026"],"_links":{"self":[{"href":"https:\/\/www.belgianairforcedays.be\/en\/wp-json\/wp\/v2\/posts\/1907","targetHints":{"allow":["GET"]}}],"collection":[{"href":"https:\/\/www.belgianairforcedays.be\/en\/wp-json\/wp\/v2\/posts"}],"about":[{"href":"https:\/\/www.belgianairforcedays.be\/en\/wp-json\/wp\/v2\/types\/post"}],"author":[{"embeddable":true,"href":"https:\/\/www.belgianairforcedays.be\/en\/wp-json\/wp\/v2\/users\/1"}],"replies":[{"embeddable":true,"href":"https:\/\/www.belgianairforcedays.be\/en\/wp-json\/wp\/v2\/comments?post=1907"}],"version-history":[{"count":4,"href":"https:\/\/www.belgianairforcedays.be\/en\/wp-json\/wp\/v2\/posts\/1907\/revisions"}],"predecessor-version":[{"id":2092,"href":"https:\/\/www.belgianairforcedays.be\/en\/wp-json\/wp\/v2\/posts\/1907\/revisions\/2092"}],"wp:featuredmedia":[{"embeddable":true,"href":"https:\/\/www.belgianairforcedays.be\/en\/wp-json\/wp\/v2\/media\/1255"}],"wp:attachment":[{"href":"https:\/\/www.belgianairforcedays.be\/en\/wp-json\/wp\/v2\/media?parent=1907"}],"wp:term":[{"taxonomy":"category","embeddable":true,"href":"https:\/\/www.belgianairforcedays.be\/en\/wp-json\/wp\/v2\/categories?post=1907"},{"taxonomy":"post_tag","embeddable":true,"href":"https:\/\/www.belgianairforcedays.be\/en\/wp-json\/wp\/v2\/tags?post=1907"}],"curies":[{"name":"wp","href":"https:\/\/api.w.org\/{rel}","templated":true}]}}